{"id":1300,"date":"2026-03-20T06:08:02","date_gmt":"2026-03-20T06:08:02","guid":{"rendered":"https:\/\/www.scoalavalcau.ro\/?p=1300"},"modified":"2026-03-20T06:47:00","modified_gmt":"2026-03-20T06:47:00","slug":"17-aprilie-2026-evenimente-educationale-de-prestigiu-la-scoala-gimnaziala-nr-1-valcau-de-jos-stem-si-eco-educatie-pentru-un-viitor-sustenabil","status":"publish","type":"post","link":"https:\/\/www.scoalavalcau.ro\/?p=1300","title":{"rendered":"17 Aprilie 2026 &#8211; Evenimente educa\u021bionale de prestigiu la \u0218coala Gimnazial\u0103 Nr. 1 Valc\u0103u de Jos \u2013 STEM \u0219i Eco-Educa\u021bie pentru un viitor sustenabil"},"content":{"rendered":"<ul>\n<li style=\"text-align: left;\">\n<h5><span style=\"color: #ffffff;\"><span style=\"color: #000000;\">\u0218coala Gimnazial\u0103 Nr. 1 Valc\u0103u de Jos organizeaz\u0103 \u00een data de 17 aprilie 2026 dou\u0103 evenimente educa\u021bionale importante dedicate promov\u0103rii educa\u021biei interdisciplinare \u0219i a responsabilit\u0103\u021bii fa\u021b\u0103 de mediul \u00eenconjur\u0103tor: <span style=\"color: #ff0000;\">Concursul Interdisciplinar Jude\u021bean \u201eG\u00e2nde\u0219te ECO, ac\u021bioneaz\u0103 STEM!\u201d \u2013 edi\u021bia a II-a \u0219i Simpozi<a style=\"color: #ff0000;\" href=\"https:\/\/www.scoalavalcau.ro\/wp-content\/uploads\/2026\/03\/concurs-judetean-17-aprilie.jpg\"><img loading=\"lazy\" decoding=\"async\" class=\" wp-image-1301 alignright\" src=\"https:\/\/www.scoalavalcau.ro\/wp-content\/uploads\/2026\/03\/concurs-judetean-17-aprilie.jpg\" alt=\"\" width=\"460\" height=\"699\" srcset=\"https:\/\/www.scoalavalcau.ro\/wp-content\/uploads\/2026\/03\/concurs-judetean-17-aprilie.jpg 678w, https:\/\/www.scoalavalcau.ro\/wp-content\/uploads\/2026\/03\/concurs-judetean-17-aprilie-197x300.jpg 197w, https:\/\/www.scoalavalcau.ro\/wp-content\/uploads\/2026\/03\/concurs-judetean-17-aprilie-674x1024.jpg 674w\" sizes=\"auto, (max-width: 460px) 100vw, 460px\" \/><\/a>onul Interna\u021bional \u201eSTEM \u0219i Eco-Educa\u021bia: Parteneriat pentru Sustenabilitate Global\u0103\u201d \u2013 edi\u021bia a II-a.<\/span><\/span><\/span><\/h5>\n<\/li>\n<li style=\"text-align: left;\">\n<h5><span style=\"color: #000000;\">Concursul se adreseaz\u0103 elevilor din \u00eenv\u0103\u021b\u0103m\u00e2ntul preuniversitar \u0219i cuprinde sec\u021biuni de crea\u021bie literar\u0103, crea\u021bie artistic\u0103 \u0219i crea\u021bie \u0219tiin\u021bific\u0103, av\u00e2nd ca scop dezvoltarea creativit\u0103\u021bii, a g\u00e2ndirii critice \u0219i a interesului pentru protec\u021bia mediului prin abord\u0103ri STEM.<\/span><\/h5>\n<\/li>\n<\/ul>\n<h4 style=\"text-align: left;\"><span style=\"color: #000000;\">\u00cen aceea\u0219i zi va avea loc \u0219i Simpozionul Interna\u021bional dedicat cadrelor didactice, care urm\u0103re\u0219te promovarea schimbului de bune practici \u0219i a colabor\u0103rii educa\u021bionale interna\u021bionale \u00een domeniul educa\u021biei STEM \u0219i al educa\u021biei pentru dezvoltare durabil\u0103.<\/span><\/h4>\n<h4 style=\"text-align: left;\"><span style=\"color: #000000;\">Evenimentele sunt organizate \u00een parteneriat cu Inspectoratul \u0218colar Jude\u021bean S\u0103laj, Casa Corpului Didactic S\u0103laj, Agen\u021bia pentru Protec\u021bia Mediului S\u0103laj, Universitatea Babe\u0219-Bolyai \u2013 \u0218coala Doctoral\u0103 \u201eDidactic\u0103. Tradi\u021bie. Dezvoltare. Inova\u021bie\u201d, Asocia\u021bia \u00cenv\u0103\u021b\u0103torilor S\u0103l\u0103jeni, Asocia\u021bia \u0218TIM Tradi\u021bii \u0219i Zal\u0103u TV, precum \u0219i cu parteneri educa\u021bionali din Italia, Macedonia de Nord \u0219i Turcia.<\/span><\/h4>\n<h4 style=\"text-align: left;\"><span style=\"color: #000000;\">Prin aceste activit\u0103\u021bi, organizatorii urm\u0103resc promovarea educa\u021biei STEM, a creativit\u0103\u021bii elevilor \u0219i consolidarea parteneriatelor educa\u021bionale na\u021bionale \u0219i interna\u021bionale.<\/span><\/h4>\n<p><a href=\"https:\/\/www.scoalavalcau.ro\/wp-content\/uploads\/2026\/03\/simpozion-editia-2.jpg\"><img loading=\"lazy\" decoding=\"async\" class=\" wp-image-1302 alignleft\" src=\"https:\/\/www.scoalavalcau.ro\/wp-content\/uploads\/2026\/03\/simpozion-editia-2.jpg\" alt=\"\" width=\"825\" height=\"825\" srcset=\"https:\/\/www.scoalavalcau.ro\/wp-content\/uploads\/2026\/03\/simpozion-editia-2.jpg 1024w, https:\/\/www.scoalavalcau.ro\/wp-content\/uploads\/2026\/03\/simpozion-editia-2-300x300.jpg 300w, https:\/\/www.scoalavalcau.ro\/wp-content\/uploads\/2026\/03\/simpozion-editia-2-150x150.jpg 150w, https:\/\/www.scoalavalcau.ro\/wp-content\/uploads\/2026\/03\/simpozion-editia-2-768x768.jpg 768w\" sizes=\"auto, (max-width: 825px) 100vw, 825px\" \/><\/a><\/p>\n<p>\ud83d\udcc5 <span style=\"color: #ff0000;\">Data desf\u0103\u0219ur\u0103rii: 17 aprilie 2026<\/span><br \/>\n\ud83d\udccd Loca\u021bia: \u0218coala Gimnazial\u0103 Nr. 1 Valc\u0103u de Jos<br \/>\n\ud83d\udcbb Participare fizic\u0103 sau online<\/p>\n<p>\ud83d\udcdd <span style=\"color: #ff0000;\">Perioada de \u00eenscriere:<\/span><br \/>\n<span style=\"color: #ff0000;\">10 martie \u2013 12 aprilie 2026<\/span><\/p>\n<p>\ud83d\udcd1 Se pot \u00eenscrie:<br \/>\n\u2022 participan\u021bi audien\u021bi (lucrarea va fi \u00eencarcat\u0103 \u00een formular \u0219i va fi inclus\u0103 \u00een volum)<br \/>\n\u2022 participan\u021bi cu prezentare lucrare (articole, cercet\u0103ri educa\u021bionale, proiecte, bune practici etc.)<\/p>\n<p>\u23f0 <span style=\"color: #ff0000;\">Termen trimitere lucr\u0103ri: 12 aprilie 2026<\/span><br \/>\n\ud83d\udcb0 Participarea este gratuit\u0103<\/p>\n<p>\ud83c\udf93 Participan\u021bii vor primi:<br \/>\n\u2714 Adeverin\u021b\u0103 de participare (8 ore)<br \/>\n\u2714 Adeverin\u021b\u0103 de publicare \u00een volumul simpozionului cu ISSN<br \/>\n\u2714 Adeverin\u021be pentru participare la workshop-uri \u0219i schimb de experien\u021b\u0103<br \/>\n\u2714 Volumul simpozionului \u00een format PDF<\/p>\n<p>\ud83d\udccc \u00censcriere:<br \/>\nSec\u021biunea \u00een limba rom\u00e2n\u0103:<br \/>\n<a href=\"https:\/\/docs.google.com\/forms\/d\/e\/1FAIpQLSd3d7VMrHar3q3cYbPXRadjVTrs9lzbDlAADRgQ0hcKC4EZUA\/viewform?pli=1\">https:\/\/docs.google.com\/forms\/d\/e\/1FAIpQLSd3d7VMrHar3q3cYbPXRadjVTrs9lzbDlAADRgQ0hcKC4EZUA\/viewform?pli=1<\/a><\/p>\n","protected":false},"excerpt":{"rendered":"<p>\u0218coala Gimnazial\u0103 Nr. 1 Valc\u0103u de Jos organizeaz\u0103 \u00een data de 17 aprilie 2026 dou\u0103 evenimente educa\u021bionale importante dedicate promov\u0103rii educa\u021biei interdisciplinare \u0219i a responsabilit\u0103\u021bii fa\u021b\u0103 de mediul \u00eenconjur\u0103tor: Concursul &hellip; <\/p>\n","protected":false},"author":1,"featured_media":0,"comment_status":"closed","ping_status":"closed","sticky":false,"template":"","format":"standard","meta":{"ngg_post_thumbnail":0,"footnotes":""},"categories":[4],"tags":[],"class_list":["post-1300","post","type-post","status-publish","format-standard","hentry","category-activitati-scolare"],"_links":{"self":[{"href":"https:\/\/www.scoalavalcau.ro\/index.php?rest_route=\/wp\/v2\/posts\/1300","targetHints":{"allow":["GET"]}}],"collection":[{"href":"https:\/\/www.scoalavalcau.ro\/index.php?rest_route=\/wp\/v2\/posts"}],"about":[{"href":"https:\/\/www.scoalavalcau.ro\/index.php?rest_route=\/wp\/v2\/types\/post"}],"author":[{"embeddable":true,"href":"https:\/\/www.scoalavalcau.ro\/index.php?rest_route=\/wp\/v2\/users\/1"}],"replies":[{"embeddable":true,"href":"https:\/\/www.scoalavalcau.ro\/index.php?rest_route=%2Fwp%2Fv2%2Fcomments&post=1300"}],"version-history":[{"count":13,"href":"https:\/\/www.scoalavalcau.ro\/index.php?rest_route=\/wp\/v2\/posts\/1300\/revisions"}],"predecessor-version":[{"id":1328,"href":"https:\/\/www.scoalavalcau.ro\/index.php?rest_route=\/wp\/v2\/posts\/1300\/revisions\/1328"}],"wp:attachment":[{"href":"https:\/\/www.scoalavalcau.ro\/index.php?rest_route=%2Fwp%2Fv2%2Fmedia&parent=1300"}],"wp:term":[{"taxonomy":"category","embeddable":true,"href":"https:\/\/www.scoalavalcau.ro\/index.php?rest_route=%2Fwp%2Fv2%2Fcategories&post=1300"},{"taxonomy":"post_tag","embeddable":true,"href":"https:\/\/www.scoalavalcau.ro\/index.php?rest_route=%2Fwp%2Fv2%2Ftags&post=1300"}],"curies":[{"name":"wp","href":"https:\/\/api.w.org\/{rel}","templated":true}]}}